{"id":680,"date":"2018-04-03T08:08:27","date_gmt":"2018-04-03T07:08:27","guid":{"rendered":"http:\/\/source-originel.fr\/?p=680"},"modified":"2018-04-02T15:10:13","modified_gmt":"2018-04-02T14:10:13","slug":"originel-programme-de-la-se-14","status":"publish","type":"post","link":"http:\/\/source-originel.fr\/index.php\/2018\/04\/03\/originel-programme-de-la-se-14\/","title":{"rendered":"Programme Se. 14\/2018"},"content":{"rendered":"<div id=\"js_5\" class=\"_5pbx userContent _3576\" data-ft=\"{&quot;tn&quot;:&quot;K&quot;}\">\n<p>Que se passe-t-il cette semaine chez OrigiNel ? &#x1f4ab;&#x1f4ad;<\/p>\n<p><strong>Jeudi (05.04)<\/strong><br \/>\n<span class=\"_5mfr _47e3\"><span class=\"_7oe\">&#x1f33c;<\/span><\/span> <em>Atelier du Midi :<\/em> *La Sophro, Le Cours !* avec Sabine PERROLLIER, Sophrologue &#8211; R\u00e9servation au 07.67.58.67.09<br \/>\n<span class=\"_5mfr _47e3\"><span class=\"_7oe\">&#x1f338;<\/span><\/span> <em>Apr\u00e8s-midi :<\/em> Massage &amp; Soin *Bien-\u00catre* avec Alexa PENA &#8211; R\u00e9servation au 06.87.10.21.32<br \/>\n<span class=\"_5mfr _47e3\"><span class=\"_7oe\">&#x1f341;<\/span><\/span> <em>Conf\u00e9rence-Atelier \u00e0 20h :<\/em> *Comment renforcer la confiance en Soi* avec Nadine COURBIER, Coach Th\u00e9rapeute &#8211; R\u00e9servation au 06.87.66.87.35<\/p>\n<p><strong>Vendredi (06.04)<\/strong><br \/>\n<span class=\"_5mfr _47e3\"><span class=\"_7oe\">&#x1f338;<\/span><\/span> <em>Apr\u00e8s-midi :<\/em> Coaching en *Mieux-Etre* avec Nadine COURBIER, Coach Th\u00e9rapeute &#8211; R\u00e9servation au 06.87.66.87.35<\/p>\n<p><strong>Samedi (07.04)<\/strong><br \/>\n<span class=\"_5mfr _47e3\"><span class=\"_7oe\">&#x1f340;<\/span><\/span> <em>Matin :<\/em> Massage *R\u00e9flexologie Plantaire* avec Muriel AUMIGNON, R\u00e9flexologue Naturopathe Holistique certifi\u00e9e par le Centre de Formation Mireille Meunier et l\u2019AEMN (Acad\u00e9mie Europ\u00e9enne de M\u00e9decines Naturelles) &#8211; R\u00e9servation au 07.86.43.45.66<br \/>\n<span class=\"_5mfr _47e3\"><span class=\"_7oe\">&#x1f338;<\/span><\/span><em> Apr\u00e8s-midi :<\/em> Atelier *D\u00e9couverte des Baguettes Coud\u00e9es* avec Karine GARNIER, Psycho\u00e9nerg\u00e9ticienne &#8211; R\u00e9servation au 06.31.54.93.02<\/p>\n<p>Vous avez des questions ? Envie de venir participer \u00e0 un ou plusieurs \u00e9v\u00e9nements ? Vous souhaitez venir nous rejoindre pour simplement prendre du temps pour vous ?<br \/>\nVous pouvez nous joindre au 04.26.60.56.53<\/p>\n<p>Belle semaine 14 \u00e0 toutes et \u00e0 tous <span class=\"_5mfr _47e3\"><span class=\"_7oe\">&#x1f4ad;<\/span><\/span><span class=\"_5mfr _47e3\"><img loading=\"lazy\" class=\"img\" role=\"presentation\" src=\"https:\/\/static.xx.fbcdn.net\/images\/emoji.php\/v9\/fed\/1\/16\/1f4ab.png\" alt=\"\" width=\"16\" height=\"16\" \/><span class=\"_7oe\">&#x1f4ab;<\/span><\/span><\/p>\n<p>&nbsp;<\/p>\n<\/div>\n<div class=\"_3x-2\" data-ft=\"{&quot;tn&quot;:&quot;H&quot;}\">\n<div data-ft=\"{&quot;tn&quot;:&quot;H&quot;}\">\n<div class=\"mtm\">\n<div class=\"_5cq3\" data-ft=\"{&quot;tn&quot;:&quot;E&quot;}\"><img loading=\"lazy\" class=\"alignnone wp-image-679\" src=\"http:\/\/source-originel.fr\/wp-content\/uploads\/2018\/04\/OrigiNel-Agenda-300x191.jpg\" alt=\"\" width=\"353\" height=\"225\" srcset=\"http:\/\/source-originel.fr\/wp-content\/uploads\/2018\/04\/OrigiNel-Agenda-300x191.jpg 300w, http:\/\/source-originel.fr\/wp-content\/uploads\/2018\/04\/OrigiNel-Agenda-768x489.jpg 768w, http:\/\/source-originel.fr\/wp-content\/uploads\/2018\/04\/OrigiNel-Agenda-1024x652.jpg 1024w, http:\/\/source-originel.fr\/wp-content\/uploads\/2018\/04\/OrigiNel-Agenda-1080x688.jpg 1080w, http:\/\/source-originel.fr\/wp-content\/uploads\/2018\/04\/OrigiNel-Agenda.jpg 1476w\" sizes=\"(max-width: 353px) 100vw, 353px\" \/><\/div>\n<\/div>\n<\/div>\n<\/div>\n","protected":false},"excerpt":{"rendered":"<p>Que se passe-t-il cette semaine chez OrigiNel ? &#x1f4ab;&#x1f4ad; Jeudi (05.04) &#x1f33c; Atelier du Midi : *La Sophro, Le Cours !* avec Sabine PERROLLIER, Sophrologue &#8211; R\u00e9servation au 07.67.58.67.09 &#x1f338; Apr\u00e8s-midi : Massage &amp; Soin *Bien-\u00catre* avec Alexa PENA &#8211; R\u00e9servation au 06.87.10.21.32 &#x1f341; Conf\u00e9rence-Atelier \u00e0 20h : *Comment renforcer la confiance en Soi* avec [&hellip;]<\/p>\n","protected":false},"author":2,"featured_media":0,"comment_status":"open","ping_status":"open","sticky":false,"template":"","format":"standard","meta":{"_et_pb_use_builder":"","_et_pb_old_content":"","_et_gb_content_width":""},"categories":[18],"tags":[],"_links":{"self":[{"href":"http:\/\/source-originel.fr\/index.php\/wp-json\/wp\/v2\/posts\/680"}],"collection":[{"href":"http:\/\/source-originel.fr\/index.php\/wp-json\/wp\/v2\/posts"}],"about":[{"href":"http:\/\/source-originel.fr\/index.php\/wp-json\/wp\/v2\/types\/post"}],"author":[{"embeddable":true,"href":"http:\/\/source-originel.fr\/index.php\/wp-json\/wp\/v2\/users\/2"}],"replies":[{"embeddable":true,"href":"http:\/\/source-originel.fr\/index.php\/wp-json\/wp\/v2\/comments?post=680"}],"version-history":[{"count":5,"href":"http:\/\/source-originel.fr\/index.php\/wp-json\/wp\/v2\/posts\/680\/revisions"}],"predecessor-version":[{"id":685,"href":"http:\/\/source-originel.fr\/index.php\/wp-json\/wp\/v2\/posts\/680\/revisions\/685"}],"wp:attachment":[{"href":"http:\/\/source-originel.fr\/index.php\/wp-json\/wp\/v2\/media?parent=680"}],"wp:term":[{"taxonomy":"category","embeddable":true,"href":"http:\/\/source-originel.fr\/index.php\/wp-json\/wp\/v2\/categories?post=680"},{"taxonomy":"post_tag","embeddable":true,"href":"http:\/\/source-originel.fr\/index.php\/wp-json\/wp\/v2\/tags?post=680"}],"curies":[{"name":"wp","href":"https:\/\/api.w.org\/{rel}","templated":true}]}}