{"id":1607,"date":"2019-03-17T20:11:46","date_gmt":"2019-03-17T19:11:46","guid":{"rendered":"http:\/\/source-originel.fr\/?p=1607"},"modified":"2019-03-17T20:13:22","modified_gmt":"2019-03-17T19:13:22","slug":"programme-se-12-2019","status":"publish","type":"post","link":"http:\/\/source-originel.fr\/index.php\/2019\/03\/17\/programme-se-12-2019\/","title":{"rendered":"Programme Se. 12\/2019"},"content":{"rendered":"\n<p>Que se passe-t-il cette semaine chez OrigiNel ?&nbsp;&#x1f4ad;&#x1f4ab;<br>On la passe avec&#8230;<\/p>\n\n\n\n<p>Mardi (19\/03)<br>&#x1f340;&#x1f338;&nbsp;Journ\u00e9e : Soin *l&rsquo;Energ\u00e9tique et le Spirituel* avec Karine GARNIER, Psycho\u00e9nerg\u00e9ticienne &#8211; R\u00e9servation au 06.31.54.93.02<br>&#x1f340;&#x1f338;&nbsp;Journ\u00e9e : S\u00e9ance *R\u00e9f\u00e9rentiel de Naissance &amp; Lecture de l&rsquo;\u00c2me* par le TAROT avec Karine GARNIER, Psycho\u00e9nerg\u00e9ticienne &#8211; R\u00e9servation au 06.31.54.93.02<br>&#x1f341;&nbsp;Atelier \u00e0 18h15 : *S\u00e9ance de M\u00e9ditation* avec J\u00e9r\u00f4me LEBRAT, Le Papillon d&rsquo;Or en Soi &#8211; Avec ou Sans R\u00e9servation au 06.18.22.49.12<br>&#x1f341;&nbsp;Atelier \u00e0 19h : *Questions de Vie et Connaissance de Soi* avec J\u00e9r\u00f4me LEBRAT, Le Papillon d&rsquo;Or en Soi &#8211; R\u00e9servation au 06.18.22.49.12<\/p>\n\n\n\n<p>Jeudi (21\/03) :<br>&#x1f33c;&nbsp;Atelier du Midi : *Le Yoga, l&rsquo;Atelier !* avec Benjamin BLANC &#8211; R\u00e9servation au 06.40.12.75.82<br>&#x1f338;&nbsp;Apr\u00e8s-midi : Soin *Un espace temps pour vous* avec Myriam CHEYNEL, Ma\u00eetre Reiki &#8211; R\u00e9servation au 06.70.98.61.81<br>&#x1f341;&nbsp;Conf\u00e9rence \u00e0 20h : Conf\u00e9rence *Conf\u00e9rence : La M\u00e9ditation par les Sons* avec Jacques FOURNIER &#8211; DAMAHAM, Musicien d&rsquo;\u00c2me et Num\u00e9rologue &#8211; R\u00e9servation au 06.07.62.99.07<\/p>\n\n\n\n<p>Vendredi (22\/03)<br>&#x1f338;&nbsp;Apr\u00e8s-midi : Coaching en Mieux-\u00catre avec Nadine COURBIER, L&rsquo;Art d&rsquo;Etre, Coach-Th\u00e9rapeute confirm\u00e9e, sp\u00e9cialis\u00e9e en Mieux-\u00catre &#8211; R\u00e9servation au 06.80.99.63.01<br>&#x1f341;&nbsp;Atelier \u00e0 18h30 : Constellation *Poser sa Constellation Familiale* avec Val\u00e9rie DALIGAND, Kin\u00e9siologue &#8211; R\u00e9servation au 06.80.99.63.01<\/p>\n\n\n\n<p>Lundi (25\/03)<br>&#x1f338;&nbsp;Apr\u00e8s-midi : Atelier *L&rsquo;Apprentis-Sage du TAROT* avec Karine GARNIER, Psycho\u00e9nerg\u00e9ticienne &#8211; R\u00e9servation au 06.31.54.93.02<br>&#x1f341;&nbsp;Conf\u00e9rence-Atelier \u00e0 19h : Cercle *Les Femmes Sacr\u00e9es* avec Karine GARNIER, Psycho\u00e9nerg\u00e9ticienne &#8211; R\u00e9servation au 06.31.54.93.02<\/p>\n\n\n\n<p>Vous avez des questions ? Envie de venir participer \u00e0 un ou plusieurs \u00e9v\u00e9nements ? Vous souhaitez venir nous rejoindre pour simplement prendre du temps pour vous ?<br>Vous pouvez nous joindre au 04.26.60.56.53<br>Tr\u00e8s belle semaine 12 \u00e0 toutes et \u00e0 tous&nbsp;&#x1f4ab;&#x1f4ad;<\/p>\n","protected":false},"excerpt":{"rendered":"<p>Que se passe-t-il cette semaine chez OrigiNel ?&nbsp;&#x1f4ad;&#x1f4ab;On la passe avec&#8230; Mardi (19\/03)&#x1f340;&#x1f338;&nbsp;Journ\u00e9e : Soin *l&rsquo;Energ\u00e9tique et le Spirituel* avec Karine GARNIER, Psycho\u00e9nerg\u00e9ticienne &#8211; R\u00e9servation au 06.31.54.93.02&#x1f340;&#x1f338;&nbsp;Journ\u00e9e : S\u00e9ance *R\u00e9f\u00e9rentiel de Naissance &amp; Lecture de l&rsquo;\u00c2me* par le TAROT avec Karine GARNIER, Psycho\u00e9nerg\u00e9ticienne &#8211; R\u00e9servation au 06.31.54.93.02&#x1f341;&nbsp;Atelier \u00e0 18h15 : *S\u00e9ance de M\u00e9ditation* avec J\u00e9r\u00f4me [&hellip;]<\/p>\n","protected":false},"author":2,"featured_media":0,"comment_status":"open","ping_status":"open","sticky":false,"template":"","format":"standard","meta":{"_et_pb_use_builder":"","_et_pb_old_content":"","_et_gb_content_width":""},"categories":[18],"tags":[],"_links":{"self":[{"href":"http:\/\/source-originel.fr\/index.php\/wp-json\/wp\/v2\/posts\/1607"}],"collection":[{"href":"http:\/\/source-originel.fr\/index.php\/wp-json\/wp\/v2\/posts"}],"about":[{"href":"http:\/\/source-originel.fr\/index.php\/wp-json\/wp\/v2\/types\/post"}],"author":[{"embeddable":true,"href":"http:\/\/source-originel.fr\/index.php\/wp-json\/wp\/v2\/users\/2"}],"replies":[{"embeddable":true,"href":"http:\/\/source-originel.fr\/index.php\/wp-json\/wp\/v2\/comments?post=1607"}],"version-history":[{"count":1,"href":"http:\/\/source-originel.fr\/index.php\/wp-json\/wp\/v2\/posts\/1607\/revisions"}],"predecessor-version":[{"id":1608,"href":"http:\/\/source-originel.fr\/index.php\/wp-json\/wp\/v2\/posts\/1607\/revisions\/1608"}],"wp:attachment":[{"href":"http:\/\/source-originel.fr\/index.php\/wp-json\/wp\/v2\/media?parent=1607"}],"wp:term":[{"taxonomy":"category","embeddable":true,"href":"http:\/\/source-originel.fr\/index.php\/wp-json\/wp\/v2\/categories?post=1607"},{"taxonomy":"post_tag","embeddable":true,"href":"http:\/\/source-originel.fr\/index.php\/wp-json\/wp\/v2\/tags?post=1607"}],"curies":[{"name":"wp","href":"https:\/\/api.w.org\/{rel}","templated":true}]}}