{"id":1466,"date":"2018-11-25T20:15:00","date_gmt":"2018-11-25T19:15:00","guid":{"rendered":"http:\/\/source-originel.fr\/?p=1466"},"modified":"2018-11-25T18:36:44","modified_gmt":"2018-11-25T17:36:44","slug":"programme-se-48-2018","status":"publish","type":"post","link":"http:\/\/source-originel.fr\/index.php\/2018\/11\/25\/programme-se-48-2018\/","title":{"rendered":"Programme Se. 48\/2018"},"content":{"rendered":"<div class=\"\" data-block=\"true\" data-editor=\"1rtci\" data-offset-key=\"ccm4g-0-0\">\n<div class=\"_1mf _1mj\" data-offset-key=\"ccm4g-0-0\"><span data-offset-key=\"ccm4g-0-0\">Que se passe-t-il cette semaine chez OrigiNel ? <\/span><span class=\"_3gl1 _5zz4\" data-offset-key=\"ccm4g-1-0\"><span class=\"_ncl\">&#x1f4ad;<\/span><\/span><span class=\"_3gl1 _5zz4\" data-offset-key=\"ccm4g-2-0\"><span class=\"_ncl\">&#x1f4ab;<\/span><\/span><\/div>\n<\/div>\n<div class=\"\" data-block=\"true\" data-editor=\"1rtci\" data-offset-key=\"7k9q3-0-0\">\n<div class=\"_1mf _1mj\" data-offset-key=\"7k9q3-0-0\"><span data-offset-key=\"7k9q3-0-0\">\u00a0<\/span><\/div>\n<\/div>\n<div class=\"\" data-block=\"true\" data-editor=\"1rtci\" data-offset-key=\"3kr19-0-0\">\n<div class=\"_1mf _1mj\" data-offset-key=\"3kr19-0-0\"><span data-offset-key=\"3kr19-0-0\">Lundi (26\/11)<\/span><\/div>\n<\/div>\n<div class=\"\" data-block=\"true\" data-editor=\"1rtci\" data-offset-key=\"5nop2-0-0\">\n<div class=\"_1mf _1mj\" data-offset-key=\"5nop2-0-0\"><span class=\"_3gl1 _5zz4\" data-offset-key=\"5nop2-0-0\"><span class=\"_ncl\">&#x1f338;<\/span><\/span><span data-offset-key=\"5nop2-1-0\"> Apr\u00e8s-midi : Atelier *L&rsquo;Apprentis-Sage du TAROT* avec Karine GARNIER, Psycho\u00e9nerg\u00e9ticienne &#8211; R\u00e9servation au 06.31.54.93.02<\/span><\/div>\n<\/div>\n<div class=\"\" data-block=\"true\" data-editor=\"1rtci\" data-offset-key=\"a9th-0-0\">\n<div class=\"_1mf _1mj\" data-offset-key=\"a9th-0-0\"><span class=\"_3gl1 _5zz4\" data-offset-key=\"a9th-0-0\"><span class=\"_ncl\">&#x1f341;<\/span><\/span><span data-offset-key=\"a9th-1-0\"> Conf\u00e9rence-Atelier \u00e0 19h : Cercle *Les Femmes Sacr\u00e9es* avec Karine GARNIER, Psycho\u00e9nerg\u00e9ticienne &#8211; R\u00e9servation au 06.31.54.93.02<\/span><\/div>\n<\/div>\n<div class=\"\" data-block=\"true\" data-editor=\"1rtci\" data-offset-key=\"6avav-0-0\">\n<div class=\"_1mf _1mj\" data-offset-key=\"6avav-0-0\"><span data-offset-key=\"6avav-0-0\">\u00a0<\/span><\/div>\n<\/div>\n<div class=\"\" data-block=\"true\" data-editor=\"1rtci\" data-offset-key=\"ah8jp-0-0\">\n<div class=\"_1mf _1mj\" data-offset-key=\"ah8jp-0-0\"><span data-offset-key=\"ah8jp-0-0\">Mardi (27\/11)<\/span><\/div>\n<\/div>\n<div class=\"\" data-block=\"true\" data-editor=\"1rtci\" data-offset-key=\"7dt8o-0-0\">\n<div class=\"_1mf _1mj\" data-offset-key=\"7dt8o-0-0\"><span class=\"_3gl1 _5zz4\" data-offset-key=\"7dt8o-0-0\"><span class=\"_ncl\">&#x1f340;<\/span><\/span><span class=\"_3gl1 _5zz4\" data-offset-key=\"7dt8o-1-0\"><span class=\"_ncl\">&#x1f338;<\/span><\/span><span data-offset-key=\"7dt8o-2-0\"> Journ\u00e9e : Soin *l&rsquo;Energ\u00e9tique et le Spirituel* avec Karine GARNIER, Psycho\u00e9nerg\u00e9ticienne &#8211; R\u00e9servation au 06.31.54.93.02<\/span><\/div>\n<\/div>\n<div class=\"\" data-block=\"true\" data-editor=\"1rtci\" data-offset-key=\"3vule-0-0\">\n<div class=\"_1mf _1mj\" data-offset-key=\"3vule-0-0\"><span class=\"_3gl1 _5zz4\" data-offset-key=\"3vule-0-0\"><span class=\"_ncl\">&#x1f340;<\/span><\/span><span class=\"_3gl1 _5zz4\" data-offset-key=\"3vule-1-0\"><span class=\"_ncl\">&#x1f338;<\/span><\/span><span data-offset-key=\"3vule-2-0\"> Journ\u00e9e : S\u00e9ance *R\u00e9f\u00e9rentiel de Naissance &amp; Lecture de l&rsquo;\u00c2me* par le TAROT avec Karine GARNIER, Psycho\u00e9nerg\u00e9ticienne &#8211; R\u00e9servation au 06.31.54.93.02<\/span><\/div>\n<\/div>\n<div class=\"\" data-block=\"true\" data-editor=\"1rtci\" data-offset-key=\"avqlv-0-0\">\n<div class=\"_1mf _1mj\" data-offset-key=\"avqlv-0-0\"><span class=\"_3gl1 _5zz4\" data-offset-key=\"avqlv-0-0\"><span class=\"_ncl\">&#x1f341;<\/span><\/span><span data-offset-key=\"avqlv-1-0\"> Atelier \u00e0 18h15 : *S\u00e9ance de M\u00e9ditation* avec J\u00e9r\u00f4me LEBRAT, Le Papillon d&rsquo;Or en Soi &#8211; Avec ou Sans R\u00e9servation au 06.18.22.49.12<\/span><\/div>\n<\/div>\n<div class=\"\" data-block=\"true\" data-editor=\"1rtci\" data-offset-key=\"6p5rh-0-0\">\n<div class=\"_1mf _1mj\" data-offset-key=\"6p5rh-0-0\"><span class=\"_3gl1 _5zz4\" data-offset-key=\"6p5rh-0-0\"><span class=\"_ncl\">&#x1f341;<\/span><\/span><span data-offset-key=\"6p5rh-1-0\"> Atelier \u00e0 19h : *Questions de Vie et Connaissance de Soi* avec J\u00e9r\u00f4me LEBRAT, Le Papillon d&rsquo;Or en Soi &#8211; R\u00e9servation au 06.18.22.49.12<\/span><\/div>\n<\/div>\n<div class=\"\" data-block=\"true\" data-editor=\"1rtci\" data-offset-key=\"3p7fo-0-0\">\n<div class=\"_1mf _1mj\" data-offset-key=\"3p7fo-0-0\"><span data-offset-key=\"3p7fo-0-0\">\u00a0<\/span><\/div>\n<\/div>\n<div class=\"\" data-block=\"true\" data-editor=\"1rtci\" data-offset-key=\"bqrg6-0-0\">\n<div class=\"_1mf _1mj\" data-offset-key=\"bqrg6-0-0\"><span data-offset-key=\"bqrg6-0-0\">Mercredi (28\/11)<\/span><\/div>\n<\/div>\n<div class=\"\" data-block=\"true\" data-editor=\"1rtci\" data-offset-key=\"4ivg8-0-0\">\n<div class=\"_1mf _1mj\" data-offset-key=\"4ivg8-0-0\"><span class=\"_3gl1 _5zz4\" data-offset-key=\"4ivg8-0-0\"><span class=\"_ncl\">&#x1f340;<\/span><\/span><span data-offset-key=\"4ivg8-1-0\"> Matin : Pr\u00e9sentation de *l&rsquo;Arc en Ciel Num\u00e9rologique 2019* avec Isabelle LEFEBVRE &#8211; Sans r\u00e9servation<\/span><\/div>\n<\/div>\n<div class=\"\" data-block=\"true\" data-editor=\"1rtci\" data-offset-key=\"3tqvp-0-0\">\n<div class=\"_1mf _1mj\" data-offset-key=\"3tqvp-0-0\"><span class=\"_3gl1 _5zz4\" data-offset-key=\"3tqvp-0-0\"><span class=\"_ncl\">&#x1f340;<\/span><\/span><span data-offset-key=\"3tqvp-1-0\"> Matin : Soin \u00e9nerg\u00e9tique au choix *Biomagn\u00e9tisme &#8211; Reiki &#8211; Access* avec Christelle CHABOT &#8211; R\u00e9servation au 06.63.67.06.78<\/span><\/div>\n<\/div>\n<div class=\"\" data-block=\"true\" data-editor=\"1rtci\" data-offset-key=\"9do2s-0-0\">\n<div class=\"_1mf _1mj\" data-offset-key=\"9do2s-0-0\"><span class=\"_3gl1 _5zz4\" data-offset-key=\"9do2s-0-0\"><span class=\"_ncl\">&#x1f33c;<\/span><\/span><span data-offset-key=\"9do2s-1-0\"> Atelier du Midi : *La Sophro, Le Cours !* avec Sabine PERROLLIER, Sophrologue &#8211; R\u00e9servation au 07.67.58.67.09<\/span><\/div>\n<\/div>\n<div class=\"\" data-block=\"true\" data-editor=\"1rtci\" data-offset-key=\"dlo2j-0-0\">\n<div class=\"_1mf _1mj\" data-offset-key=\"dlo2j-0-0\"><span class=\"_3gl1 _5zz4\" data-offset-key=\"dlo2j-0-0\"><span class=\"_ncl\">&#x1f33c;<\/span><\/span><span data-offset-key=\"dlo2j-1-0\"> Midi : D\u00e9dicace et partage sur le Livre de Christelle Chabot *365 jour d&rsquo;astuces de zen attitude* &#8211; Sans r\u00e9servation<\/span><\/div>\n<\/div>\n<div class=\"\" data-block=\"true\" data-editor=\"1rtci\" data-offset-key=\"12l7o-0-0\">\n<div class=\"_1mf _1mj\" data-offset-key=\"12l7o-0-0\"><span class=\"_3gl1 _5zz4\" data-offset-key=\"12l7o-0-0\"><span class=\"_ncl\">&#x1f338;<\/span><\/span><span data-offset-key=\"12l7o-1-0\"> Apr\u00e8s-midi : Arts Divinatoires *Voyance M\u00e9diumnit\u00e9* avec Christelle CHABOT &#8211; R\u00e9servation au 06.63.67.06.78<\/span><\/div>\n<\/div>\n<div class=\"\" data-block=\"true\" data-editor=\"1rtci\" data-offset-key=\"7ltq7-0-0\">\n<div class=\"_1mf _1mj\" data-offset-key=\"7ltq7-0-0\"><span class=\"_3gl1 _5zz4\" data-offset-key=\"7ltq7-0-0\"><span class=\"_ncl\">&#x1f341;<\/span><\/span><span data-offset-key=\"7ltq7-1-0\"> Conf\u00e9rence \u00e0 19h30 : *La Bio-r\u00e9sonance Quantique* avec Christian-Jacques ANDRE, accompagnateur et auteur du livre \u00ab De l\u2019Autisme \u00e0 l\u2019Eveil \u00bb &#8211; R\u00e9servation par SMS au 06.99.35.95.61<\/span><\/div>\n<\/div>\n<div class=\"\" data-block=\"true\" data-editor=\"1rtci\" data-offset-key=\"9t22a-0-0\">\n<div class=\"_1mf _1mj\" data-offset-key=\"9t22a-0-0\"><span data-offset-key=\"9t22a-0-0\">\u00a0<\/span><\/div>\n<\/div>\n<div class=\"\" data-block=\"true\" data-editor=\"1rtci\" data-offset-key=\"og3p-0-0\">\n<div class=\"_1mf _1mj\" data-offset-key=\"og3p-0-0\"><span data-offset-key=\"og3p-0-0\">Jeudi (29\/11)<\/span><\/div>\n<\/div>\n<div class=\"\" data-block=\"true\" data-editor=\"1rtci\" data-offset-key=\"e0fo-0-0\">\n<div class=\"_1mf _1mj\" data-offset-key=\"e0fo-0-0\"><span class=\"_3gl1 _5zz4\" data-offset-key=\"e0fo-0-0\"><span class=\"_ncl\">&#x1f33c;<\/span><\/span><span data-offset-key=\"e0fo-1-0\"> Atelier du Midi : *Le Yoga, l&rsquo;Atelier !* avec Benjamin BLANC &#8211; R\u00e9servation au 06.40.12.75.82<\/span><\/div>\n<\/div>\n<div class=\"\" data-block=\"true\" data-editor=\"1rtci\" data-offset-key=\"4d3fm-0-0\">\n<div class=\"_1mf _1mj\" data-offset-key=\"4d3fm-0-0\"><span class=\"_3gl1 _5zz4\" data-offset-key=\"4d3fm-0-0\"><span class=\"_ncl\">&#x1f338;<\/span><\/span><span data-offset-key=\"4d3fm-1-0\"> Apr\u00e8s-midi : Soin *Se soulager par le Magn\u00e9tisme* avec S\u00e9bastien &#8211; R\u00e9servation au 06.28.62.28.76<\/span><\/div>\n<\/div>\n<div class=\"\" data-block=\"true\" data-editor=\"1rtci\" data-offset-key=\"3bisk-0-0\">\n<div class=\"_1mf _1mj\" data-offset-key=\"3bisk-0-0\"><span data-offset-key=\"3bisk-0-0\">\u00a0<\/span><\/div>\n<\/div>\n<div class=\"\" data-block=\"true\" data-editor=\"1rtci\" data-offset-key=\"7r0r9-0-0\">\n<div class=\"_1mf _1mj\" data-offset-key=\"7r0r9-0-0\"><span data-offset-key=\"7r0r9-0-0\">Vendredi (30\/11)<\/span><\/div>\n<\/div>\n<div class=\"\" data-block=\"true\" data-editor=\"1rtci\" data-offset-key=\"clj61-0-0\">\n<div class=\"_1mf _1mj\" data-offset-key=\"clj61-0-0\"><span class=\"_3gl1 _5zz4\" data-offset-key=\"clj61-0-0\"><span class=\"_ncl\">&#x1f340;<\/span><\/span><span data-offset-key=\"clj61-1-0\"> Matin : Atelier *L&rsquo;auto Hypnose* B\u00e9atrice ODON,<\/span><\/div>\n<\/div>\n<div class=\"\" data-block=\"true\" data-editor=\"1rtci\" data-offset-key=\"eu6kv-0-0\">\n<div class=\"_1mf _1mj\" data-offset-key=\"eu6kv-0-0\"><span data-offset-key=\"eu6kv-0-0\">Form\u00e9e \u00e0 la Syst\u00e9mie &#8211; Hypnose Ericksonienne &#8211; PNL et Th\u00e9rapies Br\u00e8ves &#8211; R\u00e9servation sur l&rsquo;\u00e9venement FaceBook<\/span><\/div>\n<\/div>\n<div class=\"\" data-block=\"true\" data-editor=\"1rtci\" data-offset-key=\"1giv6-0-0\">\n<div class=\"_1mf _1mj\" data-offset-key=\"1giv6-0-0\"><span class=\"_3gl1 _5zz4\" data-offset-key=\"1giv6-0-0\"><span class=\"_ncl\">&#x1f338;<\/span><\/span><span data-offset-key=\"1giv6-1-0\"> Apr\u00e8s-midi : Coaching en Mieux-\u00catre avec Nadine COURBIER, L&rsquo;Art d&rsquo;Etre, Coach-Th\u00e9rapeute confirm\u00e9e, sp\u00e9cialis\u00e9e en Mieux-\u00catre &#8211; R\u00e9servation au 06.80.99.63.01<\/span><\/div>\n<\/div>\n<div class=\"\" data-block=\"true\" data-editor=\"1rtci\" data-offset-key=\"q1gp-0-0\">\n<div class=\"_1mf _1mj\" data-offset-key=\"q1gp-0-0\"><span class=\"_3gl1 _5zz4\" data-offset-key=\"q1gp-0-0\"><span class=\"_ncl\">&#x1f341;<\/span><\/span><span data-offset-key=\"q1gp-1-0\"> Atelier \u00e0 18h30 : Constellation *Poser sa Constellation Familiale* avec Val\u00e9rie DALIGAND, Kin\u00e9siologue &#8211; R\u00e9servation au 06.80.99.63.01<\/span><\/div>\n<\/div>\n<div class=\"\" data-block=\"true\" data-editor=\"1rtci\" data-offset-key=\"9bbjd-0-0\">\n<div class=\"_1mf _1mj\" data-offset-key=\"9bbjd-0-0\"><span data-offset-key=\"9bbjd-0-0\">\u00a0<\/span><\/div>\n<\/div>\n<div class=\"\" data-block=\"true\" data-editor=\"1rtci\" data-offset-key=\"41pvf-0-0\">\n<div class=\"_1mf _1mj\" data-offset-key=\"41pvf-0-0\"><span data-offset-key=\"41pvf-0-0\">Samedi (01\/12)<\/span><\/div>\n<\/div>\n<div class=\"\" data-block=\"true\" data-editor=\"1rtci\" data-offset-key=\"dpn27-0-0\">\n<div class=\"_1mf _1mj\" data-offset-key=\"dpn27-0-0\"><span class=\"_3gl1 _5zz4\" data-offset-key=\"dpn27-0-0\"><span class=\"_ncl\">&#x1f340;<\/span><\/span><span data-offset-key=\"dpn27-1-0\"> Matin : D\u00e9dicace du Livre de Virginie Bertrand *Souris \u00e0 la vie et la Vie te sourira*, Fondatrice de Graine de Joie, Coach, Conf\u00e9renci\u00e8re et Professeur de yoga &#8211; Sans r\u00e9servation<\/span><\/div>\n<\/div>\n<div class=\"\" data-block=\"true\" data-editor=\"1rtci\" data-offset-key=\"4g693-0-0\">\n<div class=\"_1mf _1mj\" data-offset-key=\"4g693-0-0\"><span data-offset-key=\"4g693-0-0\">\u00a0<\/span><\/div>\n<\/div>\n<div class=\"\" data-block=\"true\" data-editor=\"1rtci\" data-offset-key=\"7lqqa-0-0\">\n<div class=\"_1mf _1mj\" data-offset-key=\"7lqqa-0-0\"><span data-offset-key=\"7lqqa-0-0\">Vous avez des questions ? Envie de venir participer \u00e0 un ou plusieurs \u00e9v\u00e9nements ? Vous souhaitez venir nous rejoindre pour simplement prendre du temps pour vous ?<\/span><\/div>\n<\/div>\n<div class=\"\" data-block=\"true\" data-editor=\"1rtci\" data-offset-key=\"8ldk-0-0\">\n<div class=\"_1mf _1mj\" data-offset-key=\"8ldk-0-0\"><span data-offset-key=\"8ldk-0-0\">Vous pouvez nous joindre au 04.26.60.56.53<\/span><\/div>\n<\/div>\n<div class=\"\" data-block=\"true\" data-editor=\"1rtci\" data-offset-key=\"75v27-0-0\">\n<div class=\"_1mf _1mj\" data-offset-key=\"75v27-0-0\"><span data-offset-key=\"75v27-0-0\">\u00a0<\/span><\/div>\n<\/div>\n<div class=\"\" data-block=\"true\" data-editor=\"1rtci\" data-offset-key=\"eks6s-0-0\">\n<div class=\"_1mf _1mj\" data-offset-key=\"eks6s-0-0\"><span data-offset-key=\"eks6s-0-0\">Tr\u00e8s belle semaine 48 \u00e0 toutes et \u00e0 tous <span class=\"_3gl1 _5zz4\" data-offset-key=\"ccm4g-2-0\"><span class=\"_ncl\">&#x1f4ab;<\/span><\/span><\/span><span class=\"_3gl1 _5zz4\" data-offset-key=\"eks6s-1-0\"><span class=\"_ncl\">&#x1f4ad;<\/span><\/span><\/div>\n<\/div>\n","protected":false},"excerpt":{"rendered":"<p>Que se passe-t-il cette semaine chez OrigiNel ? &#x1f4ad;&#x1f4ab; \u00a0 Lundi (26\/11) &#x1f338; Apr\u00e8s-midi : Atelier *L&rsquo;Apprentis-Sage du TAROT* avec Karine GARNIER, Psycho\u00e9nerg\u00e9ticienne &#8211; R\u00e9servation au 06.31.54.93.02 &#x1f341; Conf\u00e9rence-Atelier \u00e0 19h : Cercle *Les Femmes Sacr\u00e9es* avec Karine GARNIER, Psycho\u00e9nerg\u00e9ticienne &#8211; R\u00e9servation au 06.31.54.93.02 \u00a0 Mardi (27\/11) &#x1f340;&#x1f338; Journ\u00e9e : Soin *l&rsquo;Energ\u00e9tique et le Spirituel* [&hellip;]<\/p>\n","protected":false},"author":2,"featured_media":0,"comment_status":"open","ping_status":"open","sticky":false,"template":"","format":"standard","meta":{"_et_pb_use_builder":"","_et_pb_old_content":"","_et_gb_content_width":""},"categories":[18],"tags":[],"_links":{"self":[{"href":"http:\/\/source-originel.fr\/index.php\/wp-json\/wp\/v2\/posts\/1466"}],"collection":[{"href":"http:\/\/source-originel.fr\/index.php\/wp-json\/wp\/v2\/posts"}],"about":[{"href":"http:\/\/source-originel.fr\/index.php\/wp-json\/wp\/v2\/types\/post"}],"author":[{"embeddable":true,"href":"http:\/\/source-originel.fr\/index.php\/wp-json\/wp\/v2\/users\/2"}],"replies":[{"embeddable":true,"href":"http:\/\/source-originel.fr\/index.php\/wp-json\/wp\/v2\/comments?post=1466"}],"version-history":[{"count":1,"href":"http:\/\/source-originel.fr\/index.php\/wp-json\/wp\/v2\/posts\/1466\/revisions"}],"predecessor-version":[{"id":1467,"href":"http:\/\/source-originel.fr\/index.php\/wp-json\/wp\/v2\/posts\/1466\/revisions\/1467"}],"wp:attachment":[{"href":"http:\/\/source-originel.fr\/index.php\/wp-json\/wp\/v2\/media?parent=1466"}],"wp:term":[{"taxonomy":"category","embeddable":true,"href":"http:\/\/source-originel.fr\/index.php\/wp-json\/wp\/v2\/categories?post=1466"},{"taxonomy":"post_tag","embeddable":true,"href":"http:\/\/source-originel.fr\/index.php\/wp-json\/wp\/v2\/tags?post=1466"}],"curies":[{"name":"wp","href":"https:\/\/api.w.org\/{rel}","templated":true}]}}