{"id":1393,"date":"2018-10-07T19:49:56","date_gmt":"2018-10-07T18:49:56","guid":{"rendered":"http:\/\/source-originel.fr\/?p=1393"},"modified":"2018-10-07T19:49:56","modified_gmt":"2018-10-07T18:49:56","slug":"programme-se-41-2018","status":"publish","type":"post","link":"http:\/\/source-originel.fr\/index.php\/2018\/10\/07\/programme-se-41-2018\/","title":{"rendered":"Programme Se. 41\/2018"},"content":{"rendered":"<div class=\"\" data-block=\"true\" data-editor=\"6via4\" data-offset-key=\"4tgkh-0-0\">\n<div class=\"_1mf _1mj\" data-offset-key=\"4tgkh-0-0\"><span data-offset-key=\"4tgkh-0-0\">Alors que se passe-t-il cette semaine chez OrigiNel ? <\/span><span class=\"_3gl1 _5zz4\" data-offset-key=\"4tgkh-1-0\"><span class=\"_ncl\">&#x1f4ad;<\/span><\/span><span class=\"_3gl1 _5zz4\" data-offset-key=\"4tgkh-2-0\"><span class=\"_ncl\">&#x1f4ab;<\/span><\/span><\/div>\n<\/div>\n<div class=\"\" data-block=\"true\" data-editor=\"6via4\" data-offset-key=\"fo3qn-0-0\">\n<div class=\"_1mf _1mj\" data-offset-key=\"fo3qn-0-0\"><span data-offset-key=\"fo3qn-0-0\">\u00a0<\/span><\/div>\n<\/div>\n<div class=\"\" data-block=\"true\" data-editor=\"6via4\" data-offset-key=\"5tmsa-0-0\">\n<div class=\"_1mf _1mj\" data-offset-key=\"5tmsa-0-0\"><span data-offset-key=\"5tmsa-0-0\">Lundi (08\/10)<\/span><\/div>\n<\/div>\n<div class=\"\" data-block=\"true\" data-editor=\"6via4\" data-offset-key=\"fo41r-0-0\">\n<div class=\"_1mf _1mj\" data-offset-key=\"fo41r-0-0\"><span class=\"_3gl1 _5zz4\" data-offset-key=\"fo41r-0-0\"><span class=\"_ncl\">&#x1f341;<\/span><\/span><span data-offset-key=\"fo41r-1-0\"> Conf\u00e9rence \u00e0 19h : *L&rsquo;argent et Vous* avec Christelle CHABOT, Energ\u00e9ticienne &#8211; R\u00e9servation au 06.63.67.06.78<\/span><\/div>\n<\/div>\n<div class=\"\" data-block=\"true\" data-editor=\"6via4\" data-offset-key=\"chc45-0-0\">\n<div class=\"_1mf _1mj\" data-offset-key=\"chc45-0-0\"><span data-offset-key=\"chc45-0-0\">\u00a0<\/span><\/div>\n<\/div>\n<div class=\"\" data-block=\"true\" data-editor=\"6via4\" data-offset-key=\"980q0-0-0\">\n<div class=\"_1mf _1mj\" data-offset-key=\"980q0-0-0\"><span data-offset-key=\"980q0-0-0\">Mardi (09\/10)<\/span><\/div>\n<\/div>\n<div class=\"\" data-block=\"true\" data-editor=\"6via4\" data-offset-key=\"5r79b-0-0\">\n<div class=\"_1mf _1mj\" data-offset-key=\"5r79b-0-0\"><span class=\"_3gl1 _5zz4\" data-offset-key=\"5r79b-0-0\"><span class=\"_ncl\">&#x1f340;<\/span><\/span><span class=\"_3gl1 _5zz4\" data-offset-key=\"5r79b-1-0\"><span class=\"_ncl\">&#x1f338;<\/span><\/span><span data-offset-key=\"5r79b-2-0\"> Journ\u00e9e : Soin *l&rsquo;Energ\u00e9tique et le Spirituel* avec Karine GARNIER, Psycho\u00e9nerg\u00e9ticienne &#8211; R\u00e9servation au 06.31.54.93.02<\/span><\/div>\n<\/div>\n<div class=\"\" data-block=\"true\" data-editor=\"6via4\" data-offset-key=\"cttqm-0-0\">\n<div class=\"_1mf _1mj\" data-offset-key=\"cttqm-0-0\"><span class=\"_3gl1 _5zz4\" data-offset-key=\"cttqm-0-0\"><span class=\"_ncl\">&#x1f340;<\/span><\/span><span class=\"_3gl1 _5zz4\" data-offset-key=\"cttqm-1-0\"><span class=\"_ncl\">&#x1f338;<\/span><\/span><span data-offset-key=\"cttqm-2-0\"> Journ\u00e9e : S\u00e9ance *R\u00e9f\u00e9rentiel de Naissance &amp; Lecture de l&rsquo;\u00c2me* par le TAROT avec Karine GARNIER, Psycho\u00e9nerg\u00e9ticienne &#8211; R\u00e9servation au 06.31.54.93.02<\/span><\/div>\n<\/div>\n<div class=\"\" data-block=\"true\" data-editor=\"6via4\" data-offset-key=\"d4q3j-0-0\">\n<div class=\"_1mf _1mj\" data-offset-key=\"d4q3j-0-0\"><span class=\"_3gl1 _5zz4\" data-offset-key=\"d4q3j-0-0\"><span class=\"_ncl\">&#x1f341;<\/span><\/span><span data-offset-key=\"d4q3j-1-0\"> Cycle Formations \u00e0 19h : *7 Rencontres Trans-Formationnelles* avec J\u00e9r\u00f4me LEBRAT, Le Papillon d&rsquo;Or en Soi &#8211; R\u00e9servation au 06.18.22.49.12<\/span><\/div>\n<\/div>\n<div class=\"\" data-block=\"true\" data-editor=\"6via4\" data-offset-key=\"3krqp-0-0\">\n<div class=\"_1mf _1mj\" data-offset-key=\"3krqp-0-0\"><span data-offset-key=\"3krqp-0-0\">\u00a0<\/span><\/div>\n<\/div>\n<div class=\"\" data-block=\"true\" data-editor=\"6via4\" data-offset-key=\"l7dq-0-0\">\n<div class=\"_1mf _1mj\" data-offset-key=\"l7dq-0-0\"><span data-offset-key=\"l7dq-0-0\">Mercredi (10\/10)<\/span><\/div>\n<\/div>\n<div class=\"\" data-block=\"true\" data-editor=\"6via4\" data-offset-key=\"4rs77-0-0\">\n<div class=\"_1mf _1mj\" data-offset-key=\"4rs77-0-0\"><span class=\"_3gl1 _5zz4\" data-offset-key=\"4rs77-0-0\"><span class=\"_ncl\">&#x1f338;<\/span><\/span><span data-offset-key=\"4rs77-1-0\"> Apr\u00e8s-midi : Cycle *Vies ant\u00e9rieures : Qu&rsquo;est-ce ? &#8211; Atelier 9\/11* avec Maud et Delphine &#8211; R\u00e9servation au 06.07.69.36.00 (Maud PANNEQUIN) ou au 06.68.55.81.66 (Delphine LAPOELE)<\/span><\/div>\n<\/div>\n<div class=\"\" data-block=\"true\" data-editor=\"6via4\" data-offset-key=\"32hk9-0-0\">\n<div class=\"_1mf _1mj\" data-offset-key=\"32hk9-0-0\"><span class=\"_3gl1 _5zz4\" data-offset-key=\"32hk9-0-0\"><span class=\"_ncl\">&#x1f338;<\/span><\/span><span data-offset-key=\"32hk9-1-0\"> Apr\u00e8s-Midi : Astro-Tarot *D\u00e9couvrir \u00ab\u00a0Ses Potes en Ciel\u00a0\u00bb* avec Dani\u00e8le AUBIN, Astro-Tarologue et Communication animale &#8211; R\u00e9servation au 06.81.75.74.47<\/span><\/div>\n<\/div>\n<div class=\"\" data-block=\"true\" data-editor=\"6via4\" data-offset-key=\"cuavc-0-0\">\n<div class=\"_1mf _1mj\" data-offset-key=\"cuavc-0-0\"><span class=\"_3gl1 _5zz4\" data-offset-key=\"cuavc-0-0\"><span class=\"_ncl\">&#x1f341;<\/span><\/span><span data-offset-key=\"cuavc-1-0\"> Soir\u00e9e-Atelier : Cycle *Intuition, pens\u00e9e et \u00e9nergie &#8211; Atelier 2\/11* avec Maud et Delphine &#8211; R\u00e9servation au 06.07.69.36.00 (Maud PANNEQUIN) ou au 06.68.55.81.66 (Delphine LAPOELE)<\/span><\/div>\n<\/div>\n<div class=\"\" data-block=\"true\" data-editor=\"6via4\" data-offset-key=\"4ic3s-0-0\">\n<div class=\"_1mf _1mj\" data-offset-key=\"4ic3s-0-0\"><span data-offset-key=\"4ic3s-0-0\">\u00a0<\/span><\/div>\n<\/div>\n<div class=\"\" data-block=\"true\" data-editor=\"6via4\" data-offset-key=\"2502q-0-0\">\n<div class=\"_1mf _1mj\" data-offset-key=\"2502q-0-0\"><span data-offset-key=\"2502q-0-0\">Jeudi (11\/10)<\/span><\/div>\n<\/div>\n<div class=\"\" data-block=\"true\" data-editor=\"6via4\" data-offset-key=\"74hja-0-0\">\n<div class=\"_1mf _1mj\" data-offset-key=\"74hja-0-0\"><span class=\"_3gl1 _5zz4\" data-offset-key=\"74hja-0-0\"><span class=\"_ncl\">&#x1f340;<\/span><\/span><span class=\"_3gl1 _5zz4\" data-offset-key=\"74hja-1-0\"><span class=\"_ncl\">&#x1f338;<\/span><\/span><span data-offset-key=\"74hja-2-0\"> Journ\u00e9e : Consultations *Num\u00e9rologie et Tarots* avec Isabelle LEFEBVRE &#8211; R\u00e9servation au 04.75.89.26.14<\/span><\/div>\n<\/div>\n<div class=\"\" data-block=\"true\" data-editor=\"6via4\" data-offset-key=\"fu2if-0-0\">\n<div class=\"_1mf _1mj\" data-offset-key=\"fu2if-0-0\"><span class=\"_3gl1 _5zz4\" data-offset-key=\"fu2if-0-0\"><span class=\"_ncl\">&#x1f33c;<\/span><\/span><span data-offset-key=\"fu2if-1-0\"> Atelier du Midi : *Le Yoga, l&rsquo;Atelier !* avec Benjamin BLANC &#8211; R\u00e9servation au 06.40.12.75.82<\/span><\/div>\n<\/div>\n<div class=\"\" data-block=\"true\" data-editor=\"6via4\" data-offset-key=\"3lop7-0-0\">\n<div class=\"_1mf _1mj\" data-offset-key=\"3lop7-0-0\"><span class=\"_3gl1 _5zz4\" data-offset-key=\"3lop7-0-0\"><span class=\"_ncl\">&#x1f341;<\/span><\/span><span data-offset-key=\"3lop7-1-0\"> Conf\u00e9rence \u00e0 20h : *Des lieux qui nous rendent malades aux lieux qui nous gu\u00e9rissent* avec Pierre-Alexandre NICOLAS, Alchimiste-Auteur &#8211; R\u00e9servation au 06.67.40.42.95<\/span><\/div>\n<\/div>\n<div class=\"\" data-block=\"true\" data-editor=\"6via4\" data-offset-key=\"509a-0-0\">\n<div class=\"_1mf _1mj\" data-offset-key=\"509a-0-0\"><span data-offset-key=\"509a-0-0\">\u00a0<\/span><\/div>\n<\/div>\n<div class=\"\" data-block=\"true\" data-editor=\"6via4\" data-offset-key=\"4pe15-0-0\">\n<div class=\"_1mf _1mj\" data-offset-key=\"4pe15-0-0\"><span data-offset-key=\"4pe15-0-0\">Vendredi (12\/10)<\/span><\/div>\n<\/div>\n<div class=\"\" data-block=\"true\" data-editor=\"6via4\" data-offset-key=\"e5dpn-0-0\">\n<div class=\"_1mf _1mj\" data-offset-key=\"e5dpn-0-0\"><span class=\"_3gl1 _5zz4\" data-offset-key=\"e5dpn-0-0\"><span class=\"_ncl\">&#x1f338;<\/span><\/span><span data-offset-key=\"e5dpn-1-0\"> Apr\u00e8s-midi : Coaching en Mieux-\u00catre avec Nadine COURBIER, L&rsquo;Art d&rsquo;Etre, Coach-Th\u00e9rapeute confirm\u00e9e, sp\u00e9cialis\u00e9e en Mieux-\u00catre &#8211; R\u00e9servation au 06.80.99.63.01<\/span><\/div>\n<\/div>\n<div class=\"\" data-block=\"true\" data-editor=\"6via4\" data-offset-key=\"6b343-0-0\">\n<div class=\"_1mf _1mj\" data-offset-key=\"6b343-0-0\"><span class=\"_3gl1 _5zz4\" data-offset-key=\"6b343-0-0\"><span class=\"_ncl\">&#x1f341;<\/span><\/span><span data-offset-key=\"6b343-1-0\"> Conf\u00e9rence \u00e0 20h : *L\u2019Alliance du C\u0153ur et du Cristal* avec Odile CARON, Energ\u00e9ticienne &#8211; R\u00e9servation au 06.07.96.42.55<\/span><\/div>\n<\/div>\n<div class=\"\" data-block=\"true\" data-editor=\"6via4\" data-offset-key=\"8cmta-0-0\">\n<div class=\"_1mf _1mj\" data-offset-key=\"8cmta-0-0\"><span data-offset-key=\"8cmta-0-0\">\u00a0<\/span><\/div>\n<\/div>\n<div class=\"\" data-block=\"true\" data-editor=\"6via4\" data-offset-key=\"dm11m-0-0\">\n<div class=\"_1mf _1mj\" data-offset-key=\"dm11m-0-0\"><span data-offset-key=\"dm11m-0-0\">Samedi (13\/10)<\/span><\/div>\n<\/div>\n<div class=\"\" data-block=\"true\" data-editor=\"6via4\" data-offset-key=\"ejid1-0-0\">\n<div class=\"_1mf _1mj\" data-offset-key=\"ejid1-0-0\"><span class=\"_3gl1 _5zz4\" data-offset-key=\"ejid1-0-0\"><span class=\"_ncl\">&#x1f338;<\/span><\/span><span data-offset-key=\"ejid1-1-0\"> Apr\u00e8s-midi : Cartomancie *Ecouter les Messages de votre \u00e2me* avec Virginimaya &#8211; R\u00e9servation au 06.37.08.51.56<\/span><\/div>\n<\/div>\n<div class=\"\" data-block=\"true\" data-editor=\"6via4\" data-offset-key=\"5p85h-0-0\">\n<div class=\"_1mf _1mj\" data-offset-key=\"5p85h-0-0\"><span class=\"_3gl1 _5zz4\" data-offset-key=\"5p85h-0-0\"><span class=\"_ncl\">&#x1f341;<\/span><\/span><span data-offset-key=\"5p85h-1-0\"> AfterWork \u00e0 19h : *Soir\u00e9e Priv\u00e9e D&rsquo;Wine* avec Sophie, Astrologue&amp;Cartomancienne &#8211; R\u00e9servation au 06.09.58.40.70<\/span><\/div>\n<\/div>\n<div class=\"\" data-block=\"true\" data-editor=\"6via4\" data-offset-key=\"cjvat-0-0\">\n<div class=\"_1mf _1mj\" data-offset-key=\"cjvat-0-0\"><span data-offset-key=\"cjvat-0-0\">\u00a0<\/span><\/div>\n<\/div>\n<div class=\"\" data-block=\"true\" data-editor=\"6via4\" data-offset-key=\"5cn83-0-0\">\n<div class=\"_1mf _1mj\" data-offset-key=\"5cn83-0-0\"><span data-offset-key=\"5cn83-0-0\">Vous avez des questions ? Envie de venir participer \u00e0 un ou plusieurs \u00e9v\u00e9nements ? Vous souhaitez venir nous rejoindre pour simplement prendre du temps pour vous ?<\/span><\/div>\n<\/div>\n<div class=\"\" data-block=\"true\" data-editor=\"6via4\" data-offset-key=\"30f09-0-0\">\n<div class=\"_1mf _1mj\" data-offset-key=\"30f09-0-0\"><span data-offset-key=\"30f09-0-0\">Vous pouvez nous joindre au 04.26.60.56.53<\/span><\/div>\n<\/div>\n<div class=\"\" data-block=\"true\" data-editor=\"6via4\" data-offset-key=\"9pv0p-0-0\">\n<div class=\"_1mf _1mj\" data-offset-key=\"9pv0p-0-0\"><span data-offset-key=\"9pv0p-0-0\">\u00a0<\/span><\/div>\n<\/div>\n<div class=\"\" data-block=\"true\" data-editor=\"6via4\" data-offset-key=\"ee8nc-0-0\">\n<div class=\"_1mf _1mj\" data-offset-key=\"ee8nc-0-0\"><span data-offset-key=\"ee8nc-0-0\">Tr\u00e8s belle semaine 41 \u00e0 toutes et \u00e0 tous <\/span><span class=\"_3gl1 _5zz4\" data-offset-key=\"ee8nc-1-0\"><span class=\"_ncl\">&#x1f4ad;<\/span><\/span><span class=\"_3gl1 _5zz4\" data-offset-key=\"ee8nc-2-0\"><span class=\"_ncl\">&#x1f4ab;<\/span><\/span><\/div>\n<\/div>\n","protected":false},"excerpt":{"rendered":"<p>Alors que se passe-t-il cette semaine chez OrigiNel ? &#x1f4ad;&#x1f4ab; \u00a0 Lundi (08\/10) &#x1f341; Conf\u00e9rence \u00e0 19h : *L&rsquo;argent et Vous* avec Christelle CHABOT, Energ\u00e9ticienne &#8211; R\u00e9servation au 06.63.67.06.78 \u00a0 Mardi (09\/10) &#x1f340;&#x1f338; Journ\u00e9e : Soin *l&rsquo;Energ\u00e9tique et le Spirituel* avec Karine GARNIER, Psycho\u00e9nerg\u00e9ticienne &#8211; R\u00e9servation au 06.31.54.93.02 &#x1f340;&#x1f338; Journ\u00e9e : S\u00e9ance *R\u00e9f\u00e9rentiel de Naissance [&hellip;]<\/p>\n","protected":false},"author":2,"featured_media":0,"comment_status":"open","ping_status":"open","sticky":false,"template":"","format":"standard","meta":{"_et_pb_use_builder":"","_et_pb_old_content":"","_et_gb_content_width":""},"categories":[18],"tags":[],"_links":{"self":[{"href":"http:\/\/source-originel.fr\/index.php\/wp-json\/wp\/v2\/posts\/1393"}],"collection":[{"href":"http:\/\/source-originel.fr\/index.php\/wp-json\/wp\/v2\/posts"}],"about":[{"href":"http:\/\/source-originel.fr\/index.php\/wp-json\/wp\/v2\/types\/post"}],"author":[{"embeddable":true,"href":"http:\/\/source-originel.fr\/index.php\/wp-json\/wp\/v2\/users\/2"}],"replies":[{"embeddable":true,"href":"http:\/\/source-originel.fr\/index.php\/wp-json\/wp\/v2\/comments?post=1393"}],"version-history":[{"count":1,"href":"http:\/\/source-originel.fr\/index.php\/wp-json\/wp\/v2\/posts\/1393\/revisions"}],"predecessor-version":[{"id":1394,"href":"http:\/\/source-originel.fr\/index.php\/wp-json\/wp\/v2\/posts\/1393\/revisions\/1394"}],"wp:attachment":[{"href":"http:\/\/source-originel.fr\/index.php\/wp-json\/wp\/v2\/media?parent=1393"}],"wp:term":[{"taxonomy":"category","embeddable":true,"href":"http:\/\/source-originel.fr\/index.php\/wp-json\/wp\/v2\/categories?post=1393"},{"taxonomy":"post_tag","embeddable":true,"href":"http:\/\/source-originel.fr\/index.php\/wp-json\/wp\/v2\/tags?post=1393"}],"curies":[{"name":"wp","href":"https:\/\/api.w.org\/{rel}","templated":true}]}}