{"id":1189,"date":"2018-06-18T07:08:45","date_gmt":"2018-06-18T06:08:45","guid":{"rendered":"http:\/\/source-originel.fr\/?p=1189"},"modified":"2018-06-19T13:15:15","modified_gmt":"2018-06-19T12:15:15","slug":"1189","status":"publish","type":"post","link":"http:\/\/source-originel.fr\/index.php\/2018\/06\/18\/1189\/","title":{"rendered":"Programme Se. 25\/2018"},"content":{"rendered":"<div class=\"\" data-block=\"true\" data-editor=\"2d13o\" data-offset-key=\"f686r-0-0\">\n<div class=\"_1mf _1mj\" data-offset-key=\"f686r-0-0\"><span class=\"_3gl1 _5zz4\" data-offset-key=\"f686r-0-0\"><span class=\"_ncl\">&#x1f4ad;<\/span><\/span><span class=\"_3gl1 _5zz4\" data-offset-key=\"f686r-1-0\"><span class=\"_ncl\">&#x1f4ab;<\/span><\/span><span data-offset-key=\"f686r-2-0\"> Que se passe-t-il cette semaine chez OrigiNel ? <\/span><span class=\"_3gl1 _5zz4\" data-offset-key=\"f686r-3-0\"><span class=\"_ncl\">&#x1f4ad;<\/span><\/span><span class=\"_3gl1 _5zz4\" data-offset-key=\"f686r-4-0\"><span class=\"_ncl\">&#x1f4ab;<\/span><\/span><\/div>\n<\/div>\n<div class=\"\" data-block=\"true\" data-editor=\"2d13o\" data-offset-key=\"dr3f6-0-0\">\n<div class=\"_1mf _1mj\" data-offset-key=\"dr3f6-0-0\"><span data-offset-key=\"dr3f6-0-0\">\u00a0<\/span><\/div>\n<\/div>\n<div class=\"\" data-block=\"true\" data-editor=\"2d13o\" data-offset-key=\"1eina-0-0\">\n<div class=\"_1mf _1mj\" data-offset-key=\"1eina-0-0\"><span data-offset-key=\"1eina-0-0\">Mardi (19\/06)<\/span><\/div>\n<\/div>\n<div class=\"\" data-block=\"true\" data-editor=\"2d13o\" data-offset-key=\"6p01o-0-0\">\n<div class=\"_1mf _1mj\" data-offset-key=\"6p01o-0-0\"><span class=\"_3gl1 _5zz4\" data-offset-key=\"6p01o-0-0\"><span class=\"_ncl\">&#x1f340;<\/span><\/span><span class=\"_3gl1 _5zz4\" data-offset-key=\"6p01o-1-0\"><span class=\"_ncl\">&#x1f338;<\/span><\/span><span data-offset-key=\"6p01o-2-0\"> Journ\u00e9e : Soin *l&rsquo;Energ\u00e9tique et le Spirituel* avec Karine GARNIER, Psycho\u00e9nerg\u00e9ticienne &#8211; R\u00e9servation au 06.31.54.93.02<\/span><\/div>\n<\/div>\n<div class=\"\" data-block=\"true\" data-editor=\"2d13o\" data-offset-key=\"hubg-0-0\">\n<div class=\"_1mf _1mj\" data-offset-key=\"hubg-0-0\"><span class=\"_3gl1 _5zz4\" data-offset-key=\"hubg-0-0\"><span class=\"_ncl\">&#x1f340;<\/span><\/span><span class=\"_3gl1 _5zz4\" data-offset-key=\"hubg-1-0\"><span class=\"_ncl\">&#x1f338;<\/span><\/span><span data-offset-key=\"hubg-2-0\"> Journ\u00e9e : S\u00e9ance *R\u00e9f\u00e9rentiel de Naissance &amp; Lecture de l&rsquo;\u00c2me* par le TAROT avec Karine GARNIER, Psycho\u00e9nerg\u00e9ticienne &#8211; R\u00e9servation au 06.31.54.93.02<\/span><\/div>\n<\/div>\n<div class=\"\" data-block=\"true\" data-editor=\"2d13o\" data-offset-key=\"91m1r-0-0\">\n<div class=\"_1mf _1mj\" data-offset-key=\"91m1r-0-0\"><span class=\"_3gl1 _5zz4\" data-offset-key=\"91m1r-0-0\"><span class=\"_ncl\">&#x1f341;<\/span><\/span><span data-offset-key=\"91m1r-1-0\"> Conf\u00e9rence-Atelier \u00e0 19h : *Nouvelle Vie* avec J\u00e9r\u00f4me LEBRAT, Le Papillon d&rsquo;Or en Soi &#8211; R\u00e9servation au 06.18.22.49.12<\/span><\/div>\n<\/div>\n<div class=\"\" data-block=\"true\" data-editor=\"2d13o\" data-offset-key=\"3bld2-0-0\">\n<div class=\"_1mf _1mj\" data-offset-key=\"3bld2-0-0\"><span data-offset-key=\"3bld2-0-0\">\u00a0<\/span><\/div>\n<\/div>\n<div class=\"\" data-block=\"true\" data-editor=\"2d13o\" data-offset-key=\"1d0d6-0-0\">\n<div class=\"_1mf _1mj\" data-offset-key=\"1d0d6-0-0\"><span data-offset-key=\"1d0d6-0-0\">Mercredi (20\/06)<\/span><\/div>\n<\/div>\n<div class=\"\" data-block=\"true\" data-editor=\"2d13o\" data-offset-key=\"7e42c-0-0\">\n<div class=\"_1mf _1mj\" data-offset-key=\"7e42c-0-0\"><span class=\"_3gl1 _5zz4\" data-offset-key=\"7e42c-0-0\"><span class=\"_ncl\">&#x1f33c;<\/span><\/span><span data-offset-key=\"7e42c-1-0\"> Atelier du Midi : *La Sophro, Le Cours !* avec Sabine PERROLLIER, Sophrologue &#8211; R\u00e9servation au 07.67.58.67.09<\/span><\/div>\n<\/div>\n<div class=\"\" data-block=\"true\" data-editor=\"2d13o\" data-offset-key=\"2ao1s-0-0\">\n<div class=\"_1mf _1mj\" data-offset-key=\"2ao1s-0-0\"><span data-offset-key=\"2ao1s-0-0\">\u00a0<\/span><\/div>\n<\/div>\n<div class=\"\" data-block=\"true\" data-editor=\"2d13o\" data-offset-key=\"8226p-0-0\">\n<div class=\"_1mf _1mj\" data-offset-key=\"8226p-0-0\"><span data-offset-key=\"8226p-0-0\">Jeudi (21\/06)<\/span><\/div>\n<\/div>\n<div class=\"\" data-block=\"true\" data-editor=\"2d13o\" data-offset-key=\"6gnh0-0-0\">\n<div class=\"_1mf _1mj\" data-offset-key=\"6gnh0-0-0\"><span class=\"_3gl1 _5zz4\" data-offset-key=\"6gnh0-0-0\"><span class=\"_ncl\">&#x1f33c;<\/span><\/span><span data-offset-key=\"6gnh0-1-0\"> Atelier du Midi : *Le Yoga, l&rsquo;Atelier !* avec Benjamin BLANC &#8211; R\u00e9servation au 06.40.12.75.82<\/span><\/div>\n<\/div>\n<div class=\"\" data-block=\"true\" data-editor=\"2d13o\" data-offset-key=\"5359t-0-0\">\n<div class=\"_1mf _1mj\" data-offset-key=\"5359t-0-0\"><span data-offset-key=\"5359t-0-0\">\u00a0<\/span><\/div>\n<\/div>\n<div class=\"\" data-block=\"true\" data-editor=\"2d13o\" data-offset-key=\"17p4l-0-0\">\n<div class=\"_1mf _1mj\" data-offset-key=\"17p4l-0-0\"><span data-offset-key=\"17p4l-0-0\">Vendredi (22\/06)<\/span><\/div>\n<\/div>\n<div class=\"\" data-block=\"true\" data-editor=\"2d13o\" data-offset-key=\"6sqh-0-0\">\n<div class=\"_1mf _1mj\" data-offset-key=\"6sqh-0-0\"><span class=\"_3gl1 _5zz4\" data-offset-key=\"6sqh-0-0\"><span class=\"_ncl\">&#x1f338;<\/span><\/span><span data-offset-key=\"6sqh-1-0\"> Apr\u00e8s-midi : *Massage &amp; Soin d\u00e9tente* avec Jean de Massage Rouge &amp; Blanc &#8211; R\u00e9servation au 06.28.41.40.88<\/span><\/div>\n<\/div>\n<div class=\"\" data-block=\"true\" data-editor=\"2d13o\" data-offset-key=\"92lq-0-0\">\n<div class=\"_1mf _1mj\" data-offset-key=\"92lq-0-0\"><span class=\"_3gl1 _5zz4\" data-offset-key=\"92lq-0-0\"><span class=\"_ncl\">&#x1f338;<\/span><\/span><span data-offset-key=\"92lq-1-0\"> Apr\u00e8s-midi : Atelier *La Coh\u00e9rence Cardiaque* avec Odile CARON &#8211; R\u00e9servation au 06.07.96.42.55<\/span><\/div>\n<\/div>\n<div class=\"\" data-block=\"true\" data-editor=\"2d13o\" data-offset-key=\"esg5n-0-0\">\n<div class=\"_1mf _1mj\" data-offset-key=\"esg5n-0-0\"><span data-offset-key=\"esg5n-0-0\">\u00a0<\/span><\/div>\n<\/div>\n<div class=\"\" data-block=\"true\" data-editor=\"2d13o\" data-offset-key=\"aq65l-0-0\">\n<div class=\"_1mf _1mj\" data-offset-key=\"aq65l-0-0\"><span data-offset-key=\"aq65l-0-0\">Samedi (23\/06) <\/span><\/div>\n<\/div>\n<div class=\"\" data-block=\"true\" data-editor=\"2d13o\" data-offset-key=\"8uru4-0-0\">\n<div class=\"_1mf _1mj\" data-offset-key=\"8uru4-0-0\"><span class=\"_3gl1 _5zz4\" data-offset-key=\"8uru4-0-0\"><span class=\"_ncl\">&#x1f340;<\/span><\/span><span data-offset-key=\"8uru4-1-0\"> Matin : Soin Collectif *Tambour M\u00e9decine* avec Fleur JULIEN, Amyji &#8211; R\u00e9servation au 06.84.58.18.06<\/span><\/div>\n<\/div>\n<div class=\"\" data-block=\"true\" data-editor=\"2d13o\" data-offset-key=\"6cls-0-0\">\n<div class=\"_1mf _1mj\" data-offset-key=\"6cls-0-0\"><span class=\"_3gl1 _5zz4\" data-offset-key=\"6cls-0-0\"><span class=\"_ncl\">&#x1f338;<\/span><\/span><span data-offset-key=\"6cls-1-0\"> Apr\u00e8s-midi : Soin *Gu\u00e9rison karmique de l&rsquo;\u00c2me Quantique* avec Fleur JULIEN, Amyji &#8211; R\u00e9servation au 06.84.58.18.06<\/span><\/div>\n<\/div>\n<div class=\"\" data-block=\"true\" data-editor=\"2d13o\" data-offset-key=\"5ifvh-0-0\">\n<div class=\"_1mf _1mj\" data-offset-key=\"5ifvh-0-0\"><span data-offset-key=\"5ifvh-0-0\">\u00a0<\/span><\/div>\n<\/div>\n<div class=\"\" data-block=\"true\" data-editor=\"2d13o\" data-offset-key=\"33kcr-0-0\">\n<div class=\"_1mf _1mj\" data-offset-key=\"33kcr-0-0\"><span data-offset-key=\"33kcr-0-0\">Lundi (25\/06)<\/span><\/div>\n<\/div>\n<div class=\"\" data-block=\"true\" data-editor=\"2d13o\" data-offset-key=\"bgc40-0-0\">\n<div class=\"_1mf _1mj\" data-offset-key=\"bgc40-0-0\"><span class=\"_3gl1 _5zz4\" data-offset-key=\"bgc40-0-0\"><span class=\"_ncl\">&#x1f338;<\/span><\/span><span data-offset-key=\"bgc40-1-0\"> Apr\u00e8s-midi : Atelier *L&rsquo;Apprentis-Sage du TAROT* avec Karine GARNIER, Psycho\u00e9nerg\u00e9ticienne &#8211; R\u00e9servation au 06.31.54.93.02<\/span><\/div>\n<\/div>\n<div class=\"\" data-block=\"true\" data-editor=\"2d13o\" data-offset-key=\"39m1r-0-0\">\n<div class=\"_1mf _1mj\" data-offset-key=\"39m1r-0-0\"><span class=\"_3gl1 _5zz4\" data-offset-key=\"39m1r-0-0\"><span class=\"_ncl\">&#x1f341;<\/span><\/span><span data-offset-key=\"39m1r-1-0\"> Conf\u00e9rence-Atelier \u00e0 19h : Cercle *Les Femmes Sacr\u00e9es* avec Karine GARNIER, Psycho\u00e9nerg\u00e9ticienne &#8211; R\u00e9servation au 06.31.54.93.02<\/span><\/div>\n<\/div>\n<div class=\"\" data-block=\"true\" data-editor=\"2d13o\" data-offset-key=\"fjr82-0-0\">\n<div class=\"_1mf _1mj\" data-offset-key=\"fjr82-0-0\"><span data-offset-key=\"fjr82-0-0\">\u00a0<\/span><\/div>\n<\/div>\n<div class=\"\" data-block=\"true\" data-editor=\"2d13o\" data-offset-key=\"5paaf-0-0\">\n<div class=\"_1mf _1mj\" data-offset-key=\"5paaf-0-0\"><span data-offset-key=\"5paaf-0-0\">Vous avez des questions ? Envie de venir participer \u00e0 un ou plusieurs \u00e9v\u00e9nements ? Vous souhaitez venir nous rejoindre pour simplement prendre du temps pour vous ?<\/span><\/div>\n<\/div>\n<div class=\"\" data-block=\"true\" data-editor=\"2d13o\" data-offset-key=\"fjbj0-0-0\">\n<div class=\"_1mf _1mj\" data-offset-key=\"fjbj0-0-0\"><span data-offset-key=\"fjbj0-0-0\">\u00a0<\/span><\/div>\n<\/div>\n<div class=\"\" data-block=\"true\" data-editor=\"2d13o\" data-offset-key=\"65tfs-0-0\">\n<div class=\"_1mf _1mj\" data-offset-key=\"65tfs-0-0\"><span data-offset-key=\"65tfs-0-0\">Vous pouvez nous joindre au 04.26.60.56.53<\/span><\/div>\n<\/div>\n<div class=\"_1mf _1mj\" data-offset-key=\"53jh4-0-0\"><span data-offset-key=\"53jh4-0-0\">\u00a0<\/span><\/div>\n<div data-offset-key=\"53jh4-0-0\"><span data-offset-key=\"2l2tj-0-0\">Belle semaine 25 \u00e0 toutes et \u00e0 tous<\/span><\/div>\n<div class=\"\" data-block=\"true\" data-editor=\"2d13o\" data-offset-key=\"2l2tj-0-0\">\n<div class=\"_1mf _1mj\" data-offset-key=\"2l2tj-0-0\"><img loading=\"lazy\" class=\"alignleft size-medium wp-image-679\" src=\"http:\/\/source-originel.fr\/wp-content\/uploads\/2018\/04\/OrigiNel-Agenda-300x191.jpg\" alt=\"\" width=\"300\" height=\"191\" srcset=\"http:\/\/source-originel.fr\/wp-content\/uploads\/2018\/04\/OrigiNel-Agenda-300x191.jpg 300w, http:\/\/source-originel.fr\/wp-content\/uploads\/2018\/04\/OrigiNel-Agenda-768x489.jpg 768w, http:\/\/source-originel.fr\/wp-content\/uploads\/2018\/04\/OrigiNel-Agenda-1024x652.jpg 1024w, http:\/\/source-originel.fr\/wp-content\/uploads\/2018\/04\/OrigiNel-Agenda-1080x688.jpg 1080w, http:\/\/source-originel.fr\/wp-content\/uploads\/2018\/04\/OrigiNel-Agenda.jpg 1476w\" sizes=\"(max-width: 300px) 100vw, 300px\" \/><\/div>\n<\/div>\n","protected":false},"excerpt":{"rendered":"<p>&#x1f4ad;&#x1f4ab; Que se passe-t-il cette semaine chez OrigiNel ? &#x1f4ad;&#x1f4ab; \u00a0 Mardi (19\/06) &#x1f340;&#x1f338; Journ\u00e9e : Soin *l&rsquo;Energ\u00e9tique et le Spirituel* avec Karine GARNIER, Psycho\u00e9nerg\u00e9ticienne &#8211; R\u00e9servation au 06.31.54.93.02 &#x1f340;&#x1f338; Journ\u00e9e : S\u00e9ance *R\u00e9f\u00e9rentiel de Naissance &amp; Lecture de l&rsquo;\u00c2me* par le TAROT avec Karine GARNIER, Psycho\u00e9nerg\u00e9ticienne &#8211; R\u00e9servation au 06.31.54.93.02 &#x1f341; Conf\u00e9rence-Atelier \u00e0 19h [&hellip;]<\/p>\n","protected":false},"author":2,"featured_media":0,"comment_status":"open","ping_status":"open","sticky":false,"template":"","format":"standard","meta":{"_et_pb_use_builder":"","_et_pb_old_content":"","_et_gb_content_width":""},"categories":[18],"tags":[],"_links":{"self":[{"href":"http:\/\/source-originel.fr\/index.php\/wp-json\/wp\/v2\/posts\/1189"}],"collection":[{"href":"http:\/\/source-originel.fr\/index.php\/wp-json\/wp\/v2\/posts"}],"about":[{"href":"http:\/\/source-originel.fr\/index.php\/wp-json\/wp\/v2\/types\/post"}],"author":[{"embeddable":true,"href":"http:\/\/source-originel.fr\/index.php\/wp-json\/wp\/v2\/users\/2"}],"replies":[{"embeddable":true,"href":"http:\/\/source-originel.fr\/index.php\/wp-json\/wp\/v2\/comments?post=1189"}],"version-history":[{"count":2,"href":"http:\/\/source-originel.fr\/index.php\/wp-json\/wp\/v2\/posts\/1189\/revisions"}],"predecessor-version":[{"id":1191,"href":"http:\/\/source-originel.fr\/index.php\/wp-json\/wp\/v2\/posts\/1189\/revisions\/1191"}],"wp:attachment":[{"href":"http:\/\/source-originel.fr\/index.php\/wp-json\/wp\/v2\/media?parent=1189"}],"wp:term":[{"taxonomy":"category","embeddable":true,"href":"http:\/\/source-originel.fr\/index.php\/wp-json\/wp\/v2\/categories?post=1189"},{"taxonomy":"post_tag","embeddable":true,"href":"http:\/\/source-originel.fr\/index.php\/wp-json\/wp\/v2\/tags?post=1189"}],"curies":[{"name":"wp","href":"https:\/\/api.w.org\/{rel}","templated":true}]}}